{"id":557,"date":"2026-03-12T10:08:56","date_gmt":"2026-03-12T09:08:56","guid":{"rendered":"https:\/\/lyceepaulrobert.fr\/?p=557"},"modified":"2026-03-12T10:09:30","modified_gmt":"2026-03-12T09:09:30","slug":"vis-ma-vie-de-chercheur-se-a-paris-sorbonne-sur-le-campus-de-jussieu","status":"publish","type":"post","link":"https:\/\/lyceepaulrobert.fr\/index.php\/2026\/03\/12\/vis-ma-vie-de-chercheur-se-a-paris-sorbonne-sur-le-campus-de-jussieu\/","title":{"rendered":"Vis ma vie de chercheur.se \u00e0 Paris Sorbonne sur le campus de Jussieu"},"content":{"rendered":"\n<div class=\"wp-block-media-text is-stacked-on-mobile\"><figure class=\"wp-block-media-text__media\"><img loading=\"lazy\" decoding=\"async\" width=\"370\" height=\"489\" src=\"https:\/\/lyceepaulrobert.fr\/wp-content\/uploads\/2026\/03\/VMVDC-2026-1.png\" alt=\"\" class=\"wp-image-558 size-full\" srcset=\"https:\/\/lyceepaulrobert.fr\/wp-content\/uploads\/2026\/03\/VMVDC-2026-1.png 370w, https:\/\/lyceepaulrobert.fr\/wp-content\/uploads\/2026\/03\/VMVDC-2026-1-227x300.png 227w\" sizes=\"auto, (max-width: 370px) 100vw, 370px\" \/><\/figure><div class=\"wp-block-media-text__content\">\n<p><strong>Qu\u2019est-ce qui est \u00e0 l\u2019origine de l\u2019intoxication alimentaire de Squeezie ?<\/strong><br><\/p>\n\n\n\n<p>Les \u00e9l\u00e8ves de premi\u00e8re de sp\u00e9cialit\u00e9 SVT de Mme Maudet sont all\u00e9s sur le campus de Jussieu pour une enqu\u00eate sur le th\u00e8me des fakes news qui peuvent parfois agiter le monde de la recherche ou m\u00e9diatique.<\/p>\n\n\n\n<p><\/p>\n<\/div><\/div>\n\n\n\n<p><\/p>\n\n\n\n<p>Au cours du TP, encadr\u00e9s par des \u00e9tudiants en doctorat, des notions de biochimie, de g\u00e9n\u00e9tique et de biologie mol\u00e9culaire ont \u00e9t\u00e9 abord\u00e9es.<\/p>\n\n\n\n<figure class=\"wp-block-image size-full\"><img loading=\"lazy\" decoding=\"async\" width=\"432\" height=\"214\" src=\"https:\/\/lyceepaulrobert.fr\/wp-content\/uploads\/2026\/03\/VMVDC-2026-3.png\" alt=\"\" class=\"wp-image-560\" srcset=\"https:\/\/lyceepaulrobert.fr\/wp-content\/uploads\/2026\/03\/VMVDC-2026-3.png 432w, https:\/\/lyceepaulrobert.fr\/wp-content\/uploads\/2026\/03\/VMVDC-2026-3-300x149.png 300w\" sizes=\"auto, (max-width: 432px) 100vw, 432px\" \/><\/figure>\n\n\n\n<p>Un d\u00e9bat a \u00e9t\u00e9 initi\u00e9 avec les \u00e9l\u00e8ves sur des notions d\u2019hygi\u00e8ne et s\u00e9curit\u00e9 en laboratoire, d\u2019\u00e9thique scientifique et d\u2019exp\u00e9rimentation animale ainsi qu\u2019un \u00e9change sur la recherche et les \u00e9tudes scientifiques.<\/p>\n\n\n\n<p class=\"has-text-align-right\"><em>Article r\u00e9dig\u00e9 par Mme Maudet<\/em><\/p>\n","protected":false},"excerpt":{"rendered":"<p>Qu\u2019est-ce qui est \u00e0 l\u2019origine de l\u2019intoxication alimentaire de Squeezie ? Les \u00e9l\u00e8ves de premi\u00e8re de sp\u00e9cialit\u00e9 SVT de Mme &hellip; <\/p>\n","protected":false},"author":3,"featured_media":559,"comment_status":"closed","ping_status":"open","sticky":false,"template":"","format":"standard","meta":{"footnotes":""},"categories":[1],"tags":[],"class_list":["post-557","post","type-post","status-publish","format-standard","has-post-thumbnail","hentry","category-non-classe"],"yoast_head":"<!-- This site is optimized with the Yoast SEO plugin v22.5 - https:\/\/yoast.com\/wordpress\/plugins\/seo\/ -->\n<title>Vis ma vie de chercheur.se \u00e0 Paris Sorbonne sur le campus de Jussieu - Lyc\u00e9e Polyvalent Paul Robert<\/title>\n<meta name=\"description\" content=\"Les \u00e9l\u00e8ves de la sp\u00e9cialit\u00e9 SVT du lyc\u00e9e Paul Robert des Lilas participent \u00e0 la journ\u00e9e &quot;Vis ma vie de chercheur.se&quot; \u00e0 Paris.\" \/>\n<meta name=\"robots\" content=\"index, follow, max-snippet:-1, max-image-preview:large, max-video-preview:-1\" \/>\n<link rel=\"canonical\" href=\"https:\/\/lyceepaulrobert.fr\/index.php\/2026\/03\/12\/vis-ma-vie-de-chercheur-se-a-paris-sorbonne-sur-le-campus-de-jussieu\/\" \/>\n<meta property=\"og:locale\" content=\"fr_FR\" \/>\n<meta property=\"og:type\" content=\"article\" \/>\n<meta property=\"og:title\" content=\"Vis ma vie de chercheur.se \u00e0 Paris Sorbonne sur le campus de Jussieu - Lyc\u00e9e Polyvalent Paul Robert\" \/>\n<meta property=\"og:description\" content=\"Les \u00e9l\u00e8ves de la sp\u00e9cialit\u00e9 SVT du lyc\u00e9e Paul Robert des Lilas participent \u00e0 la journ\u00e9e &quot;Vis ma vie de chercheur.se&quot; \u00e0 Paris.\" \/>\n<meta property=\"og:url\" content=\"https:\/\/lyceepaulrobert.fr\/index.php\/2026\/03\/12\/vis-ma-vie-de-chercheur-se-a-paris-sorbonne-sur-le-campus-de-jussieu\/\" \/>\n<meta property=\"og:site_name\" content=\"Lyc\u00e9e Polyvalent Paul Robert\" \/>\n<meta property=\"article:published_time\" content=\"2026-03-12T09:08:56+00:00\" \/>\n<meta property=\"article:modified_time\" content=\"2026-03-12T09:09:30+00:00\" \/>\n<meta property=\"og:image\" content=\"https:\/\/lyceepaulrobert.fr\/wp-content\/uploads\/2026\/03\/VMVDC-2026-2.png\" \/>\n\t<meta property=\"og:image:width\" content=\"516\" \/>\n\t<meta property=\"og:image:height\" content=\"309\" \/>\n\t<meta property=\"og:image:type\" content=\"image\/png\" \/>\n<meta name=\"author\" content=\"Benjamin Carr\u00e9\" \/>\n<meta name=\"twitter:card\" content=\"summary_large_image\" \/>\n<meta name=\"twitter:label1\" content=\"\u00c9crit par\" \/>\n\t<meta name=\"twitter:data1\" content=\"Benjamin Carr\u00e9\" \/>\n\t<meta name=\"twitter:label2\" content=\"Dur\u00e9e de lecture estim\u00e9e\" \/>\n\t<meta name=\"twitter:data2\" content=\"2 minutes\" \/>\n<script type=\"application\/ld+json\" class=\"yoast-schema-graph\">{\"@context\":\"https:\/\/schema.org\",\"@graph\":[{\"@type\":\"WebPage\",\"@id\":\"https:\/\/lyceepaulrobert.fr\/index.php\/2026\/03\/12\/vis-ma-vie-de-chercheur-se-a-paris-sorbonne-sur-le-campus-de-jussieu\/\",\"url\":\"https:\/\/lyceepaulrobert.fr\/index.php\/2026\/03\/12\/vis-ma-vie-de-chercheur-se-a-paris-sorbonne-sur-le-campus-de-jussieu\/\",\"name\":\"Vis ma vie de chercheur.se \u00e0 Paris Sorbonne sur le campus de Jussieu - Lyc\u00e9e Polyvalent Paul Robert\",\"isPartOf\":{\"@id\":\"https:\/\/lyceepaulrobert.fr\/#website\"},\"primaryImageOfPage\":{\"@id\":\"https:\/\/lyceepaulrobert.fr\/index.php\/2026\/03\/12\/vis-ma-vie-de-chercheur-se-a-paris-sorbonne-sur-le-campus-de-jussieu\/#primaryimage\"},\"image\":{\"@id\":\"https:\/\/lyceepaulrobert.fr\/index.php\/2026\/03\/12\/vis-ma-vie-de-chercheur-se-a-paris-sorbonne-sur-le-campus-de-jussieu\/#primaryimage\"},\"thumbnailUrl\":\"https:\/\/lyceepaulrobert.fr\/wp-content\/uploads\/2026\/03\/VMVDC-2026-2.png\",\"datePublished\":\"2026-03-12T09:08:56+00:00\",\"dateModified\":\"2026-03-12T09:09:30+00:00\",\"author\":{\"@id\":\"https:\/\/lyceepaulrobert.fr\/#\/schema\/person\/e7a62d10150e13d31ebc60cc95f4fa71\"},\"description\":\"Les \u00e9l\u00e8ves de la sp\u00e9cialit\u00e9 SVT du lyc\u00e9e Paul Robert des Lilas participent \u00e0 la journ\u00e9e \\\"Vis ma vie de chercheur.se\\\" \u00e0 Paris.\",\"breadcrumb\":{\"@id\":\"https:\/\/lyceepaulrobert.fr\/index.php\/2026\/03\/12\/vis-ma-vie-de-chercheur-se-a-paris-sorbonne-sur-le-campus-de-jussieu\/#breadcrumb\"},\"inLanguage\":\"fr-FR\",\"potentialAction\":[{\"@type\":\"ReadAction\",\"target\":[\"https:\/\/lyceepaulrobert.fr\/index.php\/2026\/03\/12\/vis-ma-vie-de-chercheur-se-a-paris-sorbonne-sur-le-campus-de-jussieu\/\"]}]},{\"@type\":\"ImageObject\",\"inLanguage\":\"fr-FR\",\"@id\":\"https:\/\/lyceepaulrobert.fr\/index.php\/2026\/03\/12\/vis-ma-vie-de-chercheur-se-a-paris-sorbonne-sur-le-campus-de-jussieu\/#primaryimage\",\"url\":\"https:\/\/lyceepaulrobert.fr\/wp-content\/uploads\/2026\/03\/VMVDC-2026-2.png\",\"contentUrl\":\"https:\/\/lyceepaulrobert.fr\/wp-content\/uploads\/2026\/03\/VMVDC-2026-2.png\",\"width\":516,\"height\":309},{\"@type\":\"BreadcrumbList\",\"@id\":\"https:\/\/lyceepaulrobert.fr\/index.php\/2026\/03\/12\/vis-ma-vie-de-chercheur-se-a-paris-sorbonne-sur-le-campus-de-jussieu\/#breadcrumb\",\"itemListElement\":[{\"@type\":\"ListItem\",\"position\":1,\"name\":\"Accueil\",\"item\":\"https:\/\/lyceepaulrobert.fr\/\"},{\"@type\":\"ListItem\",\"position\":2,\"name\":\"Vis ma vie de chercheur.se \u00e0 Paris Sorbonne sur le campus de Jussieu\"}]},{\"@type\":\"WebSite\",\"@id\":\"https:\/\/lyceepaulrobert.fr\/#website\",\"url\":\"https:\/\/lyceepaulrobert.fr\/\",\"name\":\"Lyc\u00e9e Polyvalent Paul Robert\",\"description\":\"\",\"potentialAction\":[{\"@type\":\"SearchAction\",\"target\":{\"@type\":\"EntryPoint\",\"urlTemplate\":\"https:\/\/lyceepaulrobert.fr\/?s={search_term_string}\"},\"query-input\":\"required name=search_term_string\"}],\"inLanguage\":\"fr-FR\"},{\"@type\":\"Person\",\"@id\":\"https:\/\/lyceepaulrobert.fr\/#\/schema\/person\/e7a62d10150e13d31ebc60cc95f4fa71\",\"name\":\"Benjamin Carr\u00e9\",\"image\":{\"@type\":\"ImageObject\",\"inLanguage\":\"fr-FR\",\"@id\":\"https:\/\/lyceepaulrobert.fr\/#\/schema\/person\/image\/\",\"url\":\"https:\/\/secure.gravatar.com\/avatar\/823f296ccb3905deca6398d76f298a9019965e1201741311605c53859ead6fd0?s=96&d=mm&r=g\",\"contentUrl\":\"https:\/\/secure.gravatar.com\/avatar\/823f296ccb3905deca6398d76f298a9019965e1201741311605c53859ead6fd0?s=96&d=mm&r=g\",\"caption\":\"Benjamin Carr\u00e9\"},\"sameAs\":[\"http:\/\/lyceepaulrobert.fr\"],\"url\":\"https:\/\/lyceepaulrobert.fr\/index.php\/author\/benjamin-carre\/\"}]}<\/script>\n<!-- \/ Yoast SEO plugin. -->","yoast_head_json":{"title":"Vis ma vie de chercheur.se \u00e0 Paris Sorbonne sur le campus de Jussieu - Lyc\u00e9e Polyvalent Paul Robert","description":"Les \u00e9l\u00e8ves de la sp\u00e9cialit\u00e9 SVT du lyc\u00e9e Paul Robert des Lilas participent \u00e0 la journ\u00e9e \"Vis ma vie de chercheur.se\" \u00e0 Paris.","robots":{"index":"index","follow":"follow","max-snippet":"max-snippet:-1","max-image-preview":"max-image-preview:large","max-video-preview":"max-video-preview:-1"},"canonical":"https:\/\/lyceepaulrobert.fr\/index.php\/2026\/03\/12\/vis-ma-vie-de-chercheur-se-a-paris-sorbonne-sur-le-campus-de-jussieu\/","og_locale":"fr_FR","og_type":"article","og_title":"Vis ma vie de chercheur.se \u00e0 Paris Sorbonne sur le campus de Jussieu - Lyc\u00e9e Polyvalent Paul Robert","og_description":"Les \u00e9l\u00e8ves de la sp\u00e9cialit\u00e9 SVT du lyc\u00e9e Paul Robert des Lilas participent \u00e0 la journ\u00e9e \"Vis ma vie de chercheur.se\" \u00e0 Paris.","og_url":"https:\/\/lyceepaulrobert.fr\/index.php\/2026\/03\/12\/vis-ma-vie-de-chercheur-se-a-paris-sorbonne-sur-le-campus-de-jussieu\/","og_site_name":"Lyc\u00e9e Polyvalent Paul Robert","article_published_time":"2026-03-12T09:08:56+00:00","article_modified_time":"2026-03-12T09:09:30+00:00","og_image":[{"width":516,"height":309,"url":"https:\/\/lyceepaulrobert.fr\/wp-content\/uploads\/2026\/03\/VMVDC-2026-2.png","type":"image\/png"}],"author":"Benjamin Carr\u00e9","twitter_card":"summary_large_image","twitter_misc":{"\u00c9crit par":"Benjamin Carr\u00e9","Dur\u00e9e de lecture estim\u00e9e":"2 minutes"},"schema":{"@context":"https:\/\/schema.org","@graph":[{"@type":"WebPage","@id":"https:\/\/lyceepaulrobert.fr\/index.php\/2026\/03\/12\/vis-ma-vie-de-chercheur-se-a-paris-sorbonne-sur-le-campus-de-jussieu\/","url":"https:\/\/lyceepaulrobert.fr\/index.php\/2026\/03\/12\/vis-ma-vie-de-chercheur-se-a-paris-sorbonne-sur-le-campus-de-jussieu\/","name":"Vis ma vie de chercheur.se \u00e0 Paris Sorbonne sur le campus de Jussieu - Lyc\u00e9e Polyvalent Paul Robert","isPartOf":{"@id":"https:\/\/lyceepaulrobert.fr\/#website"},"primaryImageOfPage":{"@id":"https:\/\/lyceepaulrobert.fr\/index.php\/2026\/03\/12\/vis-ma-vie-de-chercheur-se-a-paris-sorbonne-sur-le-campus-de-jussieu\/#primaryimage"},"image":{"@id":"https:\/\/lyceepaulrobert.fr\/index.php\/2026\/03\/12\/vis-ma-vie-de-chercheur-se-a-paris-sorbonne-sur-le-campus-de-jussieu\/#primaryimage"},"thumbnailUrl":"https:\/\/lyceepaulrobert.fr\/wp-content\/uploads\/2026\/03\/VMVDC-2026-2.png","datePublished":"2026-03-12T09:08:56+00:00","dateModified":"2026-03-12T09:09:30+00:00","author":{"@id":"https:\/\/lyceepaulrobert.fr\/#\/schema\/person\/e7a62d10150e13d31ebc60cc95f4fa71"},"description":"Les \u00e9l\u00e8ves de la sp\u00e9cialit\u00e9 SVT du lyc\u00e9e Paul Robert des Lilas participent \u00e0 la journ\u00e9e \"Vis ma vie de chercheur.se\" \u00e0 Paris.","breadcrumb":{"@id":"https:\/\/lyceepaulrobert.fr\/index.php\/2026\/03\/12\/vis-ma-vie-de-chercheur-se-a-paris-sorbonne-sur-le-campus-de-jussieu\/#breadcrumb"},"inLanguage":"fr-FR","potentialAction":[{"@type":"ReadAction","target":["https:\/\/lyceepaulrobert.fr\/index.php\/2026\/03\/12\/vis-ma-vie-de-chercheur-se-a-paris-sorbonne-sur-le-campus-de-jussieu\/"]}]},{"@type":"ImageObject","inLanguage":"fr-FR","@id":"https:\/\/lyceepaulrobert.fr\/index.php\/2026\/03\/12\/vis-ma-vie-de-chercheur-se-a-paris-sorbonne-sur-le-campus-de-jussieu\/#primaryimage","url":"https:\/\/lyceepaulrobert.fr\/wp-content\/uploads\/2026\/03\/VMVDC-2026-2.png","contentUrl":"https:\/\/lyceepaulrobert.fr\/wp-content\/uploads\/2026\/03\/VMVDC-2026-2.png","width":516,"height":309},{"@type":"BreadcrumbList","@id":"https:\/\/lyceepaulrobert.fr\/index.php\/2026\/03\/12\/vis-ma-vie-de-chercheur-se-a-paris-sorbonne-sur-le-campus-de-jussieu\/#breadcrumb","itemListElement":[{"@type":"ListItem","position":1,"name":"Accueil","item":"https:\/\/lyceepaulrobert.fr\/"},{"@type":"ListItem","position":2,"name":"Vis ma vie de chercheur.se \u00e0 Paris Sorbonne sur le campus de Jussieu"}]},{"@type":"WebSite","@id":"https:\/\/lyceepaulrobert.fr\/#website","url":"https:\/\/lyceepaulrobert.fr\/","name":"Lyc\u00e9e Polyvalent Paul Robert","description":"","potentialAction":[{"@type":"SearchAction","target":{"@type":"EntryPoint","urlTemplate":"https:\/\/lyceepaulrobert.fr\/?s={search_term_string}"},"query-input":"required name=search_term_string"}],"inLanguage":"fr-FR"},{"@type":"Person","@id":"https:\/\/lyceepaulrobert.fr\/#\/schema\/person\/e7a62d10150e13d31ebc60cc95f4fa71","name":"Benjamin Carr\u00e9","image":{"@type":"ImageObject","inLanguage":"fr-FR","@id":"https:\/\/lyceepaulrobert.fr\/#\/schema\/person\/image\/","url":"https:\/\/secure.gravatar.com\/avatar\/823f296ccb3905deca6398d76f298a9019965e1201741311605c53859ead6fd0?s=96&d=mm&r=g","contentUrl":"https:\/\/secure.gravatar.com\/avatar\/823f296ccb3905deca6398d76f298a9019965e1201741311605c53859ead6fd0?s=96&d=mm&r=g","caption":"Benjamin Carr\u00e9"},"sameAs":["http:\/\/lyceepaulrobert.fr"],"url":"https:\/\/lyceepaulrobert.fr\/index.php\/author\/benjamin-carre\/"}]}},"_links":{"self":[{"href":"https:\/\/lyceepaulrobert.fr\/index.php\/wp-json\/wp\/v2\/posts\/557","targetHints":{"allow":["GET"]}}],"collection":[{"href":"https:\/\/lyceepaulrobert.fr\/index.php\/wp-json\/wp\/v2\/posts"}],"about":[{"href":"https:\/\/lyceepaulrobert.fr\/index.php\/wp-json\/wp\/v2\/types\/post"}],"author":[{"embeddable":true,"href":"https:\/\/lyceepaulrobert.fr\/index.php\/wp-json\/wp\/v2\/users\/3"}],"replies":[{"embeddable":true,"href":"https:\/\/lyceepaulrobert.fr\/index.php\/wp-json\/wp\/v2\/comments?post=557"}],"version-history":[{"count":2,"href":"https:\/\/lyceepaulrobert.fr\/index.php\/wp-json\/wp\/v2\/posts\/557\/revisions"}],"predecessor-version":[{"id":562,"href":"https:\/\/lyceepaulrobert.fr\/index.php\/wp-json\/wp\/v2\/posts\/557\/revisions\/562"}],"wp:featuredmedia":[{"embeddable":true,"href":"https:\/\/lyceepaulrobert.fr\/index.php\/wp-json\/wp\/v2\/media\/559"}],"wp:attachment":[{"href":"https:\/\/lyceepaulrobert.fr\/index.php\/wp-json\/wp\/v2\/media?parent=557"}],"wp:term":[{"taxonomy":"category","embeddable":true,"href":"https:\/\/lyceepaulrobert.fr\/index.php\/wp-json\/wp\/v2\/categories?post=557"},{"taxonomy":"post_tag","embeddable":true,"href":"https:\/\/lyceepaulrobert.fr\/index.php\/wp-json\/wp\/v2\/tags?post=557"}],"curies":[{"name":"wp","href":"https:\/\/api.w.org\/{rel}","templated":true}]}}